{"id":1107,"date":"2018-07-31T12:36:14","date_gmt":"2018-07-31T10:36:14","guid":{"rendered":"http:\/\/196.1.99.10\/ugb\/2018\/07\/31\/phase-ii-du-peseree-les-responsables-du-projet-en-visite-de-travail-a-l-ugb\/"},"modified":"2018-07-31T12:36:14","modified_gmt":"2018-07-31T10:36:14","slug":"phase-ii-du-peseree-les-responsables-du-projet-en-visite-de-travail-a-l-ugb","status":"publish","type":"post","link":"http:\/\/196.1.99.10\/ugb\/2018\/07\/31\/phase-ii-du-peseree-les-responsables-du-projet-en-visite-de-travail-a-l-ugb\/","title":{"rendered":"PHASE II DU PESEREE : les responsables du projet en visite de travail \u00e0 l\u2019UGB"},"content":{"rendered":"<p>Le mardi 31 juillet 2018, le Recteur de l\u2019UGB, le Professeur Ousmane THIARE, a re\u00e7u la visite de la d\u00e9l\u00e9gation du Programme d\u2019enseignement sup\u00e9rieur pour les \u00e9nergies renouvelables et l\u2019efficacit\u00e9 \u00e9nerg\u00e9tique (PESEREE). Elle a \u00e9t\u00e9 conduite par le Professeur Olivier SAGNA, Directeur des Etudes et de la Coop\u00e9ration (DEC) \u00e0 la Direction G\u00e9n\u00e9rale de l\u2019Enseignement Sup\u00e9rieur, par ailleurs Point focal du PESEREE au Minist\u00e8re de l\u2019Enseignement Sup\u00e9rieur, de la Recherche et de l\u2019Innovation. Le Professeur Jean Marie DEMBELE, Directeur de l\u2019UFR de Sciences Appliqu\u00e9es et de Technologie (UFR SAT), le Professeur Amadou Seidou MAIGA, Coordonnateur du Master Interuniversitaire d\u2019Energie Renouvelable, le Professeur Oumar DIOP, Directeur de la Recherche, de la Coop\u00e9ration et de l\u2019Innovation P\u00e9dagogique et le Docteur Fatou Camara SANGARE, Directrice de l\u2019Innovation scientifique, de l\u2019Insertion, de la Prospective et des Services \u00e0 la Communaut\u00e9 ont pris part \u00e0 cette rencontre.<\/p>\n<p>Apr\u00e8s une br\u00e8ve pr\u00e9sentation du PESEREE dont il a \u00e9voqu\u00e9 un certain nombre de r\u00e9alisations \u00e0 l\u2019UGB, le Professeur Olivier SAGNA a d\u00e9clar\u00e9 que cette visite entre dans le cadre d\u2019une s\u00e9rie de rencontres avec les autorit\u00e9s des universit\u00e9s impliqu\u00e9es dans le programme afin de pr\u00e9parer la deuxi\u00e8me phase. Selon lui, ce projet, financ\u00e9 par la Coop\u00e9ration allemande \u00e0 travers le GIZ et lanc\u00e9 en 2016 pour une dur\u00e9e de trois ans, a permis d\u2019appuyer les dynamiques entrepreneuriales en \u0153uvre \u00e0 l\u2019UGB.<\/p>\n<p>Madame Cornelia SECK, Conseill\u00e8re Technique Principale du PESEREE a, pour sa part, soutenu que le programme d\u00e9veloppe aussi un volet de formation de courte dur\u00e9e. Elle a aussi indiqu\u00e9 que la deuxi\u00e8me phase qui s\u2019inscrit dans la durabilit\u00e9 permettra de mettre en \u0153uvre certaines actions d\u00e9j\u00e0 propos\u00e9es dans la premi\u00e8re. Il s\u2019agira \u00e9galement, a-t-elle indiqu\u00e9, d\u2019appuyer les universit\u00e9s dans l\u2019\u00e9laboration de curricula, mais aussi dans la formation des \u00e9tudiants et des enseignants en entreprenariat.<\/p>\n<p>Prenant la parole, le Recteur, le Professeur Ousmane THIARE, a magnifi\u00e9 le travail abattu par le PESEREE \u00e0 l\u2019UGB \u00e0 travers notamment la mise en place du Master Interuniversitaire d\u2019Energie Renouvelable (MIER) \u00e0 l\u2019UFR SAT, mais aussi l\u2019appui dont a b\u00e9n\u00e9fici\u00e9 l\u2019incubateur. Selon lui, l\u2019universit\u00e9 veut faire de cet outil de promotion entrepreneuriale \u00ab une r\u00e9f\u00e9rence dans la zone Nord&nbsp;\u00bb. Le Professeur THIARE a, par ailleurs, sugg\u00e9r\u00e9 aux responsables du programme au niveau de l\u2019UGB de tirer les le\u00e7ons de la premi\u00e8re phase pour la r\u00e9ussite de la deuxi\u00e8me. Enfin, il a assur\u00e9 de la collaboration de l\u2019Universit\u00e9 pour accompagner le PESEREE dans sa mission de promotion de l\u2019\u00e9nergie renouvelable.<\/p>\n<p>&nbsp;<\/p>\n<p>&nbsp;<\/p>\n<div align=\"center\"><img decoding=\"async\" class=\" size-full wp-image-1105\" src=\"http:\/\/196.1.99.10\/ugb\/wp-content\/uploads\/2018\/07\/peseree-1.jpg\" alt=\"\" width=\"500\" srcset=\"http:\/\/196.1.99.10\/ugb\/wp-content\/uploads\/2018\/07\/peseree-1.jpg 1280w, http:\/\/196.1.99.10\/ugb\/wp-content\/uploads\/2018\/07\/peseree-1-300x199.jpg 300w, http:\/\/196.1.99.10\/ugb\/wp-content\/uploads\/2018\/07\/peseree-1-1024x681.jpg 1024w, http:\/\/196.1.99.10\/ugb\/wp-content\/uploads\/2018\/07\/peseree-1-768x511.jpg 768w\" sizes=\"(max-width: 1280px) 100vw, 1280px\" \/> <img decoding=\"async\" class=\" size-full wp-image-1106\" src=\"http:\/\/196.1.99.10\/ugb\/wp-content\/uploads\/2018\/07\/peseree-2.jpg\" alt=\"\" width=\"500\" srcset=\"http:\/\/196.1.99.10\/ugb\/wp-content\/uploads\/2018\/07\/peseree-2.jpg 1280w, http:\/\/196.1.99.10\/ugb\/wp-content\/uploads\/2018\/07\/peseree-2-300x199.jpg 300w, http:\/\/196.1.99.10\/ugb\/wp-content\/uploads\/2018\/07\/peseree-2-1024x681.jpg 1024w, http:\/\/196.1.99.10\/ugb\/wp-content\/uploads\/2018\/07\/peseree-2-768x511.jpg 768w\" sizes=\"(max-width: 1280px) 100vw, 1280px\" \/><\/div>\n","protected":false},"excerpt":{"rendered":"<p>Le mardi 31 juillet 2018, le Recteur de l\u2019UGB, le Professeur Ousmane THIARE, a re\u00e7u la visite de la d\u00e9l\u00e9gation du Programme d\u2019enseignement sup\u00e9rieur pour les \u00e9nergies renouvelables et l\u2019efficacit\u00e9 \u00e9nerg\u00e9tique (PESEREE). Elle a \u00e9t\u00e9 conduite par le Professeur Olivier SAGNA, Directeur des Etudes et de la Coop\u00e9ration (DEC) \u00e0 la Direction G\u00e9n\u00e9rale de l\u2019Enseignement [&hellip;]<\/p>\n","protected":false},"author":1,"featured_media":1105,"comment_status":"open","ping_status":"open","sticky":false,"template":"","format":"standard","meta":{"footnotes":""},"categories":[11],"tags":[],"class_list":["post-1107","post","type-post","status-publish","format-standard","has-post-thumbnail","hentry","category-actualites"],"_links":{"self":[{"href":"http:\/\/196.1.99.10\/ugb\/wp-json\/wp\/v2\/posts\/1107","targetHints":{"allow":["GET"]}}],"collection":[{"href":"http:\/\/196.1.99.10\/ugb\/wp-json\/wp\/v2\/posts"}],"about":[{"href":"http:\/\/196.1.99.10\/ugb\/wp-json\/wp\/v2\/types\/post"}],"author":[{"embeddable":true,"href":"http:\/\/196.1.99.10\/ugb\/wp-json\/wp\/v2\/users\/1"}],"replies":[{"embeddable":true,"href":"http:\/\/196.1.99.10\/ugb\/wp-json\/wp\/v2\/comments?post=1107"}],"version-history":[{"count":0,"href":"http:\/\/196.1.99.10\/ugb\/wp-json\/wp\/v2\/posts\/1107\/revisions"}],"wp:featuredmedia":[{"embeddable":true,"href":"http:\/\/196.1.99.10\/ugb\/wp-json\/wp\/v2\/media\/1105"}],"wp:attachment":[{"href":"http:\/\/196.1.99.10\/ugb\/wp-json\/wp\/v2\/media?parent=1107"}],"wp:term":[{"taxonomy":"category","embeddable":true,"href":"http:\/\/196.1.99.10\/ugb\/wp-json\/wp\/v2\/categories?post=1107"},{"taxonomy":"post_tag","embeddable":true,"href":"http:\/\/196.1.99.10\/ugb\/wp-json\/wp\/v2\/tags?post=1107"}],"curies":[{"name":"wp","href":"https:\/\/api.w.org\/{rel}","templated":true}]}}